{"id":2952,"date":"2023-08-25T11:28:04","date_gmt":"2023-08-25T11:28:04","guid":{"rendered":"https:\/\/buscostadelsol.com\/?p=2952"},"modified":"2025-04-21T10:26:14","modified_gmt":"2025-04-21T10:26:14","slug":"sto-posjetiti-u-2","status":"publish","type":"post","link":"https:\/\/buscostadelsol.com\/hr\/que-visitar-en-2\/","title":{"rendered":"\u0160to vidjeti u\u2026."},"content":{"rendered":"<h2 class=\"wp-block-heading\">MIJAS<\/h2>\n\n\n\n<p class=\"wp-block-paragraph\">Kad u\u0111emo u selo smje\u0161teno u podno\u017eju planina, nailazimo na jedno od najfotogeni\u010dnijih mjesta u pokrajini, gdje cvjetne posude i cvjetovi krasu ulice, a nalazi se i veliki vidikovac s pogledom na more. \u0160tovi\u0161e, ovo je selo u kojem je prvi put nastala ideja o magar\u010darskom taksiju.<\/p>\n\n\n\n<p class=\"wp-block-paragraph\">Tradicionalno, jo\u0161 1960-ih, dani radnici su koristili magarce da se nakon posla vrate ku\u0107i.<\/p>\n\n\n\n<p class=\"wp-block-paragraph\">Kako su turisti po\u010deli stizati, postupno su po\u010deli tra\u017eiti da posude magarca za vo\u017enju po selu. I upravo je tada nastala ta ideja.<\/p>\n\n\n\n<p class=\"wp-block-paragraph\">I zato je na\u0161a prva stanica u selu kod <strong>Trg Virgen de la Pe\u00f1a<\/strong>, gdje se odaje po\u010dast magarcu i njegovoj va\u017enosti za selo.<\/p>\n\n\n\n<p class=\"wp-block-paragraph\"><\/p>\n\n\n\n<figure class=\"wp-block-image size-large\"><img fetchpriority=\"high\" decoding=\"async\" width=\"1024\" height=\"587\" src=\"https:\/\/buscostadelsol.com\/wp-content\/uploads\/2023\/08\/Estatua-burro-Mijas-1024x587.jpg\" alt=\"\" class=\"wp-image-2953\" srcset=\"https:\/\/buscostadelsol.com\/wp-content\/uploads\/2023\/08\/Estatua-burro-Mijas-1024x587.jpg 1024w, https:\/\/buscostadelsol.com\/wp-content\/uploads\/2023\/08\/Estatua-burro-Mijas-300x172.jpg 300w, https:\/\/buscostadelsol.com\/wp-content\/uploads\/2023\/08\/Estatua-burro-Mijas-768x440.jpg 768w, https:\/\/buscostadelsol.com\/wp-content\/uploads\/2023\/08\/Estatua-burro-Mijas-170x97.jpg 170w, https:\/\/buscostadelsol.com\/wp-content\/uploads\/2023\/08\/Estatua-burro-Mijas-110x63.jpg 110w, https:\/\/buscostadelsol.com\/wp-content\/uploads\/2023\/08\/Estatua-burro-Mijas-600x344.jpg 600w, https:\/\/buscostadelsol.com\/wp-content\/uploads\/2023\/08\/Estatua-burro-Mijas.jpg 1500w\" sizes=\"(max-width: 1024px) 100vw, 1024px\" \/><\/figure>\n\n\n\n<p class=\"wp-block-paragraph\"><\/p>\n\n\n\n<ul class=\"wp-block-list\">\n<li><strong>Vidikovac Comp\u00e1s: <\/strong>S ove to\u010dke gledi\u0161ta mo\u017eemo u\u017eivati u zaista sveobuhvatnom panoramskom pogledu: bre\u017euljci, ku\u0107e i more.<\/li>\n<\/ul>\n\n\n\n<p class=\"wp-block-paragraph\"><\/p>\n\n\n\n<ul class=\"wp-block-list\">\n<li><strong>Mlin za bra\u0161no<\/strong>rekonstrukcija mlinova iz pro\u0161lih vremena, izgra\u0111enih u skladu s tradicionalnim dizajnom i infrastrukturom<\/li>\n<\/ul>\n\n\n\n<p class=\"wp-block-paragraph\"><\/p>\n\n\n\n<ul class=\"wp-block-list\">\n<li><strong>Ulica Muros:<\/strong> To je poznata ulica u kojoj se plave cvjetne kutije isti\u010du na bijelim pro\u010deljima. Na nekim su \u010dak naslikane pjesme.<\/li>\n<\/ul>\n\n\n\n<p class=\"wp-block-paragraph\"><\/p>\n\n\n\n<ul class=\"wp-block-list\">\n<li><strong>Bikoborbili\u0161te:<\/strong> Otvoren 1900. godine, to je tre\u0107i najstariji trg u zemlji. Izgra\u0111en je na zahtjev lokalnih stanovnika, a danas se ondje i dalje odr\u017eavaju konji\u010dki doga\u0111aji.&nbsp;<\/li>\n<\/ul>\n\n\n\n<p class=\"wp-block-paragraph\"><\/p>","protected":false},"excerpt":{"rendered":"<p>MIJAS Adentr\u00e1ndonos en el pueblo situado en las faldas de la sierra, podemos encontrar uno de los lugares m\u00e1s fotog\u00e9nicos de la provincia, donde hay macetas y flores adornando las calles y un gran mirador con vistas al mar. Adem\u00e1s, este es el pueblo donde surgi\u00f3 la idea del burro-taxi. Tradicionalmente, en los a\u00f1os 60, [&hellip;]<\/p>\n","protected":false},"author":5,"featured_media":1758,"comment_status":"closed","ping_status":"closed","sticky":false,"template":"elementor_theme","format":"standard","meta":{"om_disable_all_campaigns":false,"_monsterinsights_skip_tracking":false,"footnotes":""},"categories":[31],"tags":[32,33,34,54],"class_list":["post-2952","post","type-post","status-publish","format-standard","has-post-thumbnail","hentry","category-destinos","tag-destinos","tag-lugares","tag-malaga","tag-mijas"],"_links":{"self":[{"href":"https:\/\/buscostadelsol.com\/hr\/wp-json\/wp\/v2\/posts\/2952","targetHints":{"allow":["GET"]}}],"collection":[{"href":"https:\/\/buscostadelsol.com\/hr\/wp-json\/wp\/v2\/posts"}],"about":[{"href":"https:\/\/buscostadelsol.com\/hr\/wp-json\/wp\/v2\/types\/post"}],"author":[{"embeddable":true,"href":"https:\/\/buscostadelsol.com\/hr\/wp-json\/wp\/v2\/users\/5"}],"replies":[{"embeddable":true,"href":"https:\/\/buscostadelsol.com\/hr\/wp-json\/wp\/v2\/comments?post=2952"}],"version-history":[{"count":1,"href":"https:\/\/buscostadelsol.com\/hr\/wp-json\/wp\/v2\/posts\/2952\/revisions"}],"predecessor-version":[{"id":2954,"href":"https:\/\/buscostadelsol.com\/hr\/wp-json\/wp\/v2\/posts\/2952\/revisions\/2954"}],"wp:featuredmedia":[{"embeddable":true,"href":"https:\/\/buscostadelsol.com\/hr\/wp-json\/wp\/v2\/media\/1758"}],"wp:attachment":[{"href":"https:\/\/buscostadelsol.com\/hr\/wp-json\/wp\/v2\/media?parent=2952"}],"wp:term":[{"taxonomy":"category","embeddable":true,"href":"https:\/\/buscostadelsol.com\/hr\/wp-json\/wp\/v2\/categories?post=2952"},{"taxonomy":"post_tag","embeddable":true,"href":"https:\/\/buscostadelsol.com\/hr\/wp-json\/wp\/v2\/tags?post=2952"}],"curies":[{"name":"wp","href":"https:\/\/api.w.org\/{rel}","templated":true}]}}