{"id":2952,"date":"2023-08-25T11:28:04","date_gmt":"2023-08-25T11:28:04","guid":{"rendered":"https:\/\/buscostadelsol.com\/?p=2952"},"modified":"2025-04-21T10:26:14","modified_gmt":"2025-04-21T10:26:14","slug":"cosa-visitare-in-2","status":"publish","type":"post","link":"https:\/\/buscostadelsol.com\/it\/que-visitar-en-2\/","title":{"rendered":"Cosa visitare su ...."},"content":{"rendered":"<h2 class=\"wp-block-heading\">MIJAS<\/h2>\n\n\n\n<p class=\"wp-block-paragraph\">Entrando nel paese situato alle pendici della montagna, si incontra uno dei luoghi pi\u00f9 fotogenici della provincia, dove vasi di fiori adornano le strade e si trova un grande belvedere con vista sul mare. Inoltre, \u00e8 proprio in questo paese che \u00e8 nata l\u2019idea dell\u2019asino-taxi.<\/p>\n\n\n\n<p class=\"wp-block-paragraph\">Tradizionalmente, negli anni '60, gli asini venivano utilizzati dai braccianti per tornare a casa dopo il lavoro.<\/p>\n\n\n\n<p class=\"wp-block-paragraph\">Con l'arrivo dei turisti, questi ultimi hanno iniziato gradualmente a chiedere di poter usare l'asino per fare un giro per il paese. Ed \u00e8 stato proprio in quel momento che \u00e8 nata questa idea.<\/p>\n\n\n\n<p class=\"wp-block-paragraph\">Ed \u00e8 proprio per questo che la nostra prima tappa nel paese \u00e8 a <strong>la piazza della Virgen de la Pe\u00f1a<\/strong>, dove viene ricordata la figura dell'asino e la sua importanza per il paese.<\/p>\n\n\n\n<p class=\"wp-block-paragraph\"><\/p>\n\n\n\n<figure class=\"wp-block-image size-large\"><img fetchpriority=\"high\" decoding=\"async\" width=\"1024\" height=\"587\" src=\"https:\/\/buscostadelsol.com\/wp-content\/uploads\/2023\/08\/Estatua-burro-Mijas-1024x587.jpg\" alt=\"\" class=\"wp-image-2953\" srcset=\"https:\/\/buscostadelsol.com\/wp-content\/uploads\/2023\/08\/Estatua-burro-Mijas-1024x587.jpg 1024w, https:\/\/buscostadelsol.com\/wp-content\/uploads\/2023\/08\/Estatua-burro-Mijas-300x172.jpg 300w, https:\/\/buscostadelsol.com\/wp-content\/uploads\/2023\/08\/Estatua-burro-Mijas-768x440.jpg 768w, https:\/\/buscostadelsol.com\/wp-content\/uploads\/2023\/08\/Estatua-burro-Mijas-170x97.jpg 170w, https:\/\/buscostadelsol.com\/wp-content\/uploads\/2023\/08\/Estatua-burro-Mijas-110x63.jpg 110w, https:\/\/buscostadelsol.com\/wp-content\/uploads\/2023\/08\/Estatua-burro-Mijas-600x344.jpg 600w, https:\/\/buscostadelsol.com\/wp-content\/uploads\/2023\/08\/Estatua-burro-Mijas.jpg 1500w\" sizes=\"(max-width: 1024px) 100vw, 1024px\" \/><\/figure>\n\n\n\n<p class=\"wp-block-paragraph\"><\/p>\n\n\n\n<ul class=\"wp-block-list\">\n<li><strong>Belvedere del Comp\u00e1s: <\/strong>Da questo belvedere potremo ammirare un panorama davvero completo: colline, case e il mare.<\/li>\n<\/ul>\n\n\n\n<p class=\"wp-block-paragraph\"><\/p>\n\n\n\n<ul class=\"wp-block-list\">\n<li><strong>Mulino per la farina<\/strong>: ricostruzione dei mulini di un tempo, la cui costruzione \u00e8 stata realizzata secondo i modelli tradizionali e le infrastrutture<\/li>\n<\/ul>\n\n\n\n<p class=\"wp-block-paragraph\"><\/p>\n\n\n\n<ul class=\"wp-block-list\">\n<li><strong>Via Muros:<\/strong> \u00c8 la famosa strada dove le fioriere blu risaltano sulle facciate bianche. Alcune, addirittura, recano poesie dipinte.<\/li>\n<\/ul>\n\n\n\n<p class=\"wp-block-paragraph\"><\/p>\n\n\n\n<ul class=\"wp-block-list\">\n<li><strong>Arena:<\/strong> Inaugurata nel 1900, \u00e8 la terza piazza pi\u00f9 antica del Paese. Fu costruita su richiesta degli stessi abitanti e ancora oggi vi si svolgono manifestazioni equestri.&nbsp;<\/li>\n<\/ul>\n\n\n\n<p class=\"wp-block-paragraph\"><\/p>","protected":false},"excerpt":{"rendered":"<p>MIJAS Adentr\u00e1ndonos en el pueblo situado en las faldas de la sierra, podemos encontrar uno de los lugares m\u00e1s fotog\u00e9nicos de la provincia, donde hay macetas y flores adornando las calles y un gran mirador con vistas al mar. Adem\u00e1s, este es el pueblo donde surgi\u00f3 la idea del burro-taxi. Tradicionalmente, en los a\u00f1os 60, [&hellip;]<\/p>\n","protected":false},"author":5,"featured_media":1758,"comment_status":"closed","ping_status":"closed","sticky":false,"template":"elementor_theme","format":"standard","meta":{"om_disable_all_campaigns":false,"_monsterinsights_skip_tracking":false,"footnotes":""},"categories":[31],"tags":[32,33,34,54],"class_list":["post-2952","post","type-post","status-publish","format-standard","has-post-thumbnail","hentry","category-destinos","tag-destinos","tag-lugares","tag-malaga","tag-mijas"],"_links":{"self":[{"href":"https:\/\/buscostadelsol.com\/it\/wp-json\/wp\/v2\/posts\/2952","targetHints":{"allow":["GET"]}}],"collection":[{"href":"https:\/\/buscostadelsol.com\/it\/wp-json\/wp\/v2\/posts"}],"about":[{"href":"https:\/\/buscostadelsol.com\/it\/wp-json\/wp\/v2\/types\/post"}],"author":[{"embeddable":true,"href":"https:\/\/buscostadelsol.com\/it\/wp-json\/wp\/v2\/users\/5"}],"replies":[{"embeddable":true,"href":"https:\/\/buscostadelsol.com\/it\/wp-json\/wp\/v2\/comments?post=2952"}],"version-history":[{"count":1,"href":"https:\/\/buscostadelsol.com\/it\/wp-json\/wp\/v2\/posts\/2952\/revisions"}],"predecessor-version":[{"id":2954,"href":"https:\/\/buscostadelsol.com\/it\/wp-json\/wp\/v2\/posts\/2952\/revisions\/2954"}],"wp:featuredmedia":[{"embeddable":true,"href":"https:\/\/buscostadelsol.com\/it\/wp-json\/wp\/v2\/media\/1758"}],"wp:attachment":[{"href":"https:\/\/buscostadelsol.com\/it\/wp-json\/wp\/v2\/media?parent=2952"}],"wp:term":[{"taxonomy":"category","embeddable":true,"href":"https:\/\/buscostadelsol.com\/it\/wp-json\/wp\/v2\/categories?post=2952"},{"taxonomy":"post_tag","embeddable":true,"href":"https:\/\/buscostadelsol.com\/it\/wp-json\/wp\/v2\/tags?post=2952"}],"curies":[{"name":"wp","href":"https:\/\/api.w.org\/{rel}","templated":true}]}}